{"id":945,"date":"2023-08-17T13:49:15","date_gmt":"2023-08-17T11:49:15","guid":{"rendered":"https:\/\/nortassociations.fr\/?p=945"},"modified":"2023-08-17T13:49:15","modified_gmt":"2023-08-17T11:49:15","slug":"une-seance-decouverte-de-la-marche-athletique","status":"publish","type":"post","link":"https:\/\/nortassociations.fr\/index.php\/2023\/08\/17\/une-seance-decouverte-de-la-marche-athletique\/","title":{"rendered":"Une s\u00e9ance d\u00e9couverte de la Marche Athl\u00e9tique"},"content":{"rendered":"<div>Le Nac Marche organise le samedi 9 septembre de 11h00 \u00e0 14h00 piste d&rsquo;athl\u00e9tisme du complexe sportif Am\u00e9lie Le Fur \u00e0 Nort sur Erdre une s\u00e9ance d\u00e9couverte de la Marche Athl\u00e9tique anim\u00e9e par Cindy Rocard, coach de la discipline au Nac Marche, et Rachel Bouquin, class\u00e9e 3\u00e8me de sa cat\u00e9gorie au championnat de France 2023.<\/div>\n<div>Ci-joint le flyer de cette manifestation pour laquelle nous esp\u00e9rons beaucoup de monde &#8230;.<\/div>\n<div>Pouvez-vous le diffuser \u00e0 vos adh\u00e9rents et en parler autour de vous ?<\/div>\n<div><\/div>\n<div>En vous remerciant d&rsquo;avance et en esp\u00e9rant vous voir nombreux,<\/div>\n<div><\/div>\n<div>Bonne journ\u00e9e,<\/div>\n<div><\/div>\n<div>Brigitte Hamon<\/div>\n<div>Pr\u00e9sidente NAC Marche<\/div>\n<div><a href=\"https:\/\/nortassociations.fr\/wp-content\/uploads\/2023\/08\/Flyer_Marche-Athletique.jpg\"><img loading=\"lazy\" decoding=\"async\" class=\"alignnone wp-image-947 size-medium\" src=\"https:\/\/nortassociations.fr\/wp-content\/uploads\/2023\/08\/Flyer_Marche-Athletique-212x300.jpg\" alt=\"\" width=\"212\" height=\"300\" srcset=\"https:\/\/nortassociations.fr\/wp-content\/uploads\/2023\/08\/Flyer_Marche-Athletique-212x300.jpg 212w, https:\/\/nortassociations.fr\/wp-content\/uploads\/2023\/08\/Flyer_Marche-Athletique-724x1024.jpg 724w, https:\/\/nortassociations.fr\/wp-content\/uploads\/2023\/08\/Flyer_Marche-Athletique-768x1087.jpg 768w, https:\/\/nortassociations.fr\/wp-content\/uploads\/2023\/08\/Flyer_Marche-Athletique-1086x1536.jpg 1086w, https:\/\/nortassociations.fr\/wp-content\/uploads\/2023\/08\/Flyer_Marche-Athletique-1447x2048.jpg 1447w, https:\/\/nortassociations.fr\/wp-content\/uploads\/2023\/08\/Flyer_Marche-Athletique.jpg 1653w\" sizes=\"auto, (max-width: 212px) 85vw, 212px\" \/><\/a><\/div>\n","protected":false},"excerpt":{"rendered":"<p>Le Nac Marche organise le samedi 9 septembre de 11h00 \u00e0 14h00 piste d&rsquo;athl\u00e9tisme du complexe sportif Am\u00e9lie Le Fur \u00e0 Nort sur Erdre une s\u00e9ance d\u00e9couverte de la Marche Athl\u00e9tique anim\u00e9e par Cindy Rocard, coach de la discipline au Nac Marche, et Rachel Bouquin, class\u00e9e 3\u00e8me de sa cat\u00e9gorie au championnat de France 2023. &hellip; <a href=\"https:\/\/nortassociations.fr\/index.php\/2023\/08\/17\/une-seance-decouverte-de-la-marche-athletique\/\" class=\"more-link\">Continuer la lecture<span class=\"screen-reader-text\"> de &laquo;&nbsp;Une s\u00e9ance d\u00e9couverte de la Marche Athl\u00e9tique&nbsp;&raquo;<\/span><\/a><\/p>\n","protected":false},"author":1,"featured_media":0,"comment_status":"closed","ping_status":"closed","sticky":false,"template":"","format":"standard","meta":{"footnotes":""},"categories":[1],"tags":[],"class_list":["post-945","post","type-post","status-publish","format-standard","hentry","category-non-classe"],"_links":{"self":[{"href":"https:\/\/nortassociations.fr\/index.php\/wp-json\/wp\/v2\/posts\/945","targetHints":{"allow":["GET"]}}],"collection":[{"href":"https:\/\/nortassociations.fr\/index.php\/wp-json\/wp\/v2\/posts"}],"about":[{"href":"https:\/\/nortassociations.fr\/index.php\/wp-json\/wp\/v2\/types\/post"}],"author":[{"embeddable":true,"href":"https:\/\/nortassociations.fr\/index.php\/wp-json\/wp\/v2\/users\/1"}],"replies":[{"embeddable":true,"href":"https:\/\/nortassociations.fr\/index.php\/wp-json\/wp\/v2\/comments?post=945"}],"version-history":[{"count":1,"href":"https:\/\/nortassociations.fr\/index.php\/wp-json\/wp\/v2\/posts\/945\/revisions"}],"predecessor-version":[{"id":948,"href":"https:\/\/nortassociations.fr\/index.php\/wp-json\/wp\/v2\/posts\/945\/revisions\/948"}],"wp:attachment":[{"href":"https:\/\/nortassociations.fr\/index.php\/wp-json\/wp\/v2\/media?parent=945"}],"wp:term":[{"taxonomy":"category","embeddable":true,"href":"https:\/\/nortassociations.fr\/index.php\/wp-json\/wp\/v2\/categories?post=945"},{"taxonomy":"post_tag","embeddable":true,"href":"https:\/\/nortassociations.fr\/index.php\/wp-json\/wp\/v2\/tags?post=945"}],"curies":[{"name":"wp","href":"https:\/\/api.w.org\/{rel}","templated":true}]}}