{"id":1182,"date":"2024-04-12T16:18:31","date_gmt":"2024-04-12T14:18:31","guid":{"rendered":"https:\/\/nortassociations.fr\/?p=1182"},"modified":"2024-04-12T16:32:08","modified_gmt":"2024-04-12T14:32:08","slug":"edn-danses-en-erdre-2024","status":"publish","type":"post","link":"https:\/\/nortassociations.fr\/index.php\/2024\/04\/12\/edn-danses-en-erdre-2024\/","title":{"rendered":"EDN- Danses en Erdre 2024- 21 Avril"},"content":{"rendered":"<p>Notre seconde \u00e9dition\u00a0<strong>des rencontres chor\u00e9graphiques \u00ab\u00a0Danses en Erdre\u00a0\u00bb<\/strong>\u00a0aura lieu\u00a0<strong>le dimanche 21 avril 2024 \u00e0 14H30 \u00e0 CAP NORT.<\/strong>\u00a0Au programme, un spectacle propos\u00e9 par des Ecoles de Danse du territoire et de Vend\u00e9e, elles vous pr\u00e9senteront leurs derni\u00e8res cr\u00e9ations.<\/p>\n<p>L\u2019entr\u00e9e est fix\u00e9e \u00e0\u00a0<strong><em>8 euros<\/em><\/strong>\u00a0pour les adultes et les enfants de 5 ans et plus. Les enfants de moins de 5 ans sont gratuits. Les b\u00e9n\u00e9fices de cette manifestation seront revers\u00e9s \u00e0 l\u2019association RIRE M\u00c9DECIN.\u00a0<em>Attention : le nombre de places \u00e9tant limit\u00e9, il est recommand\u00e9 de ne pas attendre le dernier moment pour acheter vos billets.<\/em><\/p>\n<p>&nbsp;<\/p>\n<p><strong>Pour assister au spectacle, il suffit de cliquer sur l\u2019affiche ci-dessous :<\/strong><\/p>\n<p><a href=\"https:\/\/www.helloasso.com\/associations\/ecole-de-danse-nortaise\/evenements\/danses-en-erdre-dimanche-21-avril-2024\/\"><img loading=\"lazy\" decoding=\"async\" class=\"alignnone wp-image-1183 size-medium\" src=\"https:\/\/nortassociations.fr\/wp-content\/uploads\/2024\/04\/Affiche-RC-2-768x1087-1-212x300.png\" alt=\"\" width=\"212\" height=\"300\" srcset=\"https:\/\/nortassociations.fr\/wp-content\/uploads\/2024\/04\/Affiche-RC-2-768x1087-1-212x300.png 212w, https:\/\/nortassociations.fr\/wp-content\/uploads\/2024\/04\/Affiche-RC-2-768x1087-1-723x1024.png 723w, https:\/\/nortassociations.fr\/wp-content\/uploads\/2024\/04\/Affiche-RC-2-768x1087-1.png 768w\" sizes=\"auto, (max-width: 212px) 85vw, 212px\" \/><\/a><\/p>\n","protected":false},"excerpt":{"rendered":"<p>Notre seconde \u00e9dition\u00a0des rencontres chor\u00e9graphiques \u00ab\u00a0Danses en Erdre\u00a0\u00bb\u00a0aura lieu\u00a0le dimanche 21 avril 2024 \u00e0 14H30 \u00e0 CAP NORT.\u00a0Au programme, un spectacle propos\u00e9 par des Ecoles de Danse du territoire et de Vend\u00e9e, elles vous pr\u00e9senteront leurs derni\u00e8res cr\u00e9ations. L\u2019entr\u00e9e est fix\u00e9e \u00e0\u00a08 euros\u00a0pour les adultes et les enfants de 5 ans et plus. Les enfants &hellip; <a href=\"https:\/\/nortassociations.fr\/index.php\/2024\/04\/12\/edn-danses-en-erdre-2024\/\" class=\"more-link\">Continuer la lecture<span class=\"screen-reader-text\"> de &laquo;&nbsp;EDN- Danses en Erdre 2024- 21 Avril&nbsp;&raquo;<\/span><\/a><\/p>\n","protected":false},"author":1,"featured_media":0,"comment_status":"closed","ping_status":"closed","sticky":false,"template":"","format":"standard","meta":{"footnotes":""},"categories":[1],"tags":[],"class_list":["post-1182","post","type-post","status-publish","format-standard","hentry","category-non-classe"],"_links":{"self":[{"href":"https:\/\/nortassociations.fr\/index.php\/wp-json\/wp\/v2\/posts\/1182","targetHints":{"allow":["GET"]}}],"collection":[{"href":"https:\/\/nortassociations.fr\/index.php\/wp-json\/wp\/v2\/posts"}],"about":[{"href":"https:\/\/nortassociations.fr\/index.php\/wp-json\/wp\/v2\/types\/post"}],"author":[{"embeddable":true,"href":"https:\/\/nortassociations.fr\/index.php\/wp-json\/wp\/v2\/users\/1"}],"replies":[{"embeddable":true,"href":"https:\/\/nortassociations.fr\/index.php\/wp-json\/wp\/v2\/comments?post=1182"}],"version-history":[{"count":2,"href":"https:\/\/nortassociations.fr\/index.php\/wp-json\/wp\/v2\/posts\/1182\/revisions"}],"predecessor-version":[{"id":1185,"href":"https:\/\/nortassociations.fr\/index.php\/wp-json\/wp\/v2\/posts\/1182\/revisions\/1185"}],"wp:attachment":[{"href":"https:\/\/nortassociations.fr\/index.php\/wp-json\/wp\/v2\/media?parent=1182"}],"wp:term":[{"taxonomy":"category","embeddable":true,"href":"https:\/\/nortassociations.fr\/index.php\/wp-json\/wp\/v2\/categories?post=1182"},{"taxonomy":"post_tag","embeddable":true,"href":"https:\/\/nortassociations.fr\/index.php\/wp-json\/wp\/v2\/tags?post=1182"}],"curies":[{"name":"wp","href":"https:\/\/api.w.org\/{rel}","templated":true}]}}